{"id":4053,"date":"2018-03-23T15:55:26","date_gmt":"2018-03-23T15:55:26","guid":{"rendered":"http:\/\/rolandoandrade.com\/?p=4053"},"modified":"2019-09-14T15:03:51","modified_gmt":"2019-09-14T15:03:51","slug":"tristeza-nao-e-depressao","status":"publish","type":"post","link":"https:\/\/rolandoandrade.com\/en\/2018\/03\/23\/tristeza-nao-e-depressao\/","title":{"rendered":"Tristeza n\u00e3o \u00e9 Depress\u00e3o"},"content":{"rendered":"<p>&nbsp;<\/p>\n<p>&nbsp;<\/p>\n<p><strong>Muitas vezes o que leva as pessoas a procurar apoio \u00e9 a dor<\/strong>, seja ela de natureza f\u00edsica ou mental. Esta \u00e9 uma esp\u00e9cie de sinal de alerta que nos indica que alguma coisa n\u00e3o est\u00e1 de acordo com aquilo que seria expect\u00e1vel ou natural em n\u00f3s.<\/p>\n<p>Apesar de inc\u00f3moda a dor mental, tal como in\u00fameros acontecimentos da vida, participa no nosso desenvolvimento e \u00e9 uma experi\u00eancia universal. No entanto, sendo uma coisa natural, a verdade \u00e9 que n\u00e3o estamos preparados para a vivenciar como tal.<\/p>\n<p><strong>A sociedade prepara-nos para o sucesso, para a felicidade, mas n\u00e3o nos prepara para sofrer o sofrimento\u2026<\/strong> <strong>para sentir a tristeza<\/strong>. Da\u00ed toda a pan\u00f3plia de mediatismos e imediatismos, do excesso de informa\u00e7\u00e3o, de solu\u00e7\u00f5es r\u00e1pidas, de coisas prontas a comer, a usar e a fazer que servem apenas como distractores ou paliativos e que nos impedem muitos vezes do encontro com aquilo que \u00e9 natural em n\u00f3s, de sermos quem somos, com as alegrias e tristezas pr\u00f3prias e <u>naturais<\/u> do Ser humano. <strong>Em algumas situa\u00e7\u00f5es, \u00e9 precisamente esta fuga de n\u00f3s mesmos que \u00e9 geradora de sofrimento.<\/strong><\/p>\n<p>Com a crescente vulgariza\u00e7\u00e3o no senso comum da linguagem t\u00e9cnica, \u00e9 natural que em in\u00fameras situa\u00e7\u00f5es haja confus\u00e3o de conceitos. \u00c9 frequente ouvirmos: &#8220;hoje acordei com uma depress\u00e3o&#8221;; &#8220;n\u00e3o sei o que tenho, acho que estou com uma depress\u00e3o&#8221;; &#8220;vou sair com os amigos para ver se me passa esta depress\u00e3o&#8221;. Mas de facto, <strong><u>tristeza ou mal estar n\u00e3o \u00e9 Depress\u00e3o<\/u><\/strong>. A tristeza \u00e9 algo natural, que todos os seres humanos experienciam como consequ\u00eancia, na maioria dos casos, dos seus desejos n\u00e3o concretizados.<\/p>\n<p><strong>\u00c9 pois natural, e podemos dizer saud\u00e1vel por vezes sentirmos tristeza.<\/strong> Deixa de ser natural quando se transforma numa viv\u00eancia persistente. Por isso, a <strong>Depress\u00e3o \u00e9 algo de mais potente e severo, na maioria das vezes limitante ou incapacitante.<\/strong> A tristeza \u00e9 apenas um dos in\u00fameros sintomas das v\u00e1rias tipologias da Depress\u00e3o.<\/p>\n<p>As pessoas deprimidas, muitas vezes sentem uma dor inomin\u00e1vel. &#8220;N\u00e3o sei como descrever o que sinto&#8221;; &#8220;sinto tanta coisa, que nem sei o que sinto&#8221;; &#8220;n\u00e3o tenho gosto por nada&#8221;, &#8220;vejo tudo de forma negativa&#8221; s\u00e3o express\u00f5es que todos, no dia a dia, j\u00e1 ouvimos das pessoas em depress\u00e3o. \u00c9 como se esta dor mental, por ser t\u00e3o imensa e angustiante, n\u00e3o pudesse ser simbolizada nem descrita. Da\u00ed algumas destas pessoas referirem &#8220;sentir um vazio&#8221; dentro de si. Para estas a dor mental pode ser incapacitante. Na depress\u00e3o \u00e9 frequente a dor mental converter-se em sintomas f\u00edsicos. Tamb\u00e9m h\u00e1 situa\u00e7\u00f5es em que as pessoas encontram ant\u00eddotos para o sofrimento, como por exemplo o abuso de subst\u00e2ncias, que servem apenas para camuflar uma dor que n\u00e3o pode ser pensada, sentida ou sofrida.<\/p>\n<p>N\u00e3o ter o que nos sentimos legitimados a ter (afectos ou coisas materiais), n\u00e3o aceitar que \u00e0s vezes n\u00e3o se pode ter o que se deseja, n\u00e3o viver de acordo com aquilo que se \u00e9, ou viver de acordo com aquilo que n\u00e3o se \u00e9, podem ser geradores de tristeza e em \u00faltima an\u00e1lise de depress\u00e3o. Mas \u00e9 conveniente n\u00e3o tomar a parte pelo todo (como quem confunde a febre com a gripe).<strong> A Depress\u00e3o \u00e9 algo de natureza abrangente e multifactorial, que pode manifestar-se atrav\u00e9s de um sem n\u00famero de sintomas (e por isso mesmo manifestar-se de v\u00e1rias formas) e que afecta a vida pessoal, profissional, familiar e social das pessoas afectadas.<\/strong><\/p>\n<p>A Depress\u00e3o \u00e9 por isso sempre vivida como algo de amea\u00e7ador. \u00c9 neste contexto que a psicoterapia se revela fundamental como estrat\u00e9gia terap\u00eautica; atrav\u00e9s desta abordagem podemos encontrar as ra\u00edzes mais profundas do sofrimento, dar-lhe um nome e um significado, pens\u00e1-lo e encontrar as vias de acesso a um maior conhecimento de si mesmo, promotor de maior abertura aos outros e a novas experi\u00eancias e a uma vis\u00e3o mais positiva, transformadora e saud\u00e1vel acerca do mundo.<\/p>\n<p>&nbsp;<\/p>\n<p>&nbsp;<\/p>\n<p>&nbsp;<\/p>\n<p>&nbsp;<\/p>\n<p>&nbsp;<\/p>\n<p>Rolando Andrade<\/p>\n<p>Psic\u00f3logo Cl\u00ednico<\/p>\n<p>Psicoterapeuta<\/p>\n<p>C\u00e9dula profissional O.P.P 4365<\/p>\n<p>&nbsp;<\/p>\n","protected":false},"excerpt":{"rendered":"<p>A Depress\u00e3o \u00e9 por isso sempre vivida como algo de amea\u00e7ador. \u00c9 neste contexto que a psicoterapia se revela fundamental como estrat\u00e9gia terap\u00eautica;<\/p>\n","protected":false},"author":2,"featured_media":4055,"comment_status":"closed","ping_status":"open","sticky":false,"template":"","format":"standard","meta":{"footnotes":"","_links_to":"","_links_to_target":""},"categories":[3],"tags":[166,155,167,164,165],"class_list":["post-4053","post","type-post","status-publish","format-standard","has-post-thumbnail","hentry","category-psicologia-clinica","tag-depressao","tag-psicologia-clinica","tag-psicoterapia","tag-saude-mental","tag-sofrimento"],"yoast_head":"<!-- This site is optimized with the Yoast SEO plugin v26.9 - https:\/\/yoast.com\/product\/yoast-seo-wordpress\/ -->\n<title>Tristeza n\u00e3o \u00e9 Depress\u00e3o - Rolando Andrade<\/title>\n<meta name=\"robots\" content=\"index, follow, max-snippet:-1, max-image-preview:large, max-video-preview:-1\" \/>\n<link rel=\"canonical\" href=\"https:\/\/rolandoandrade.com\/2018\/03\/23\/tristeza-nao-e-depressao\/\" \/>\n<meta property=\"og:locale\" content=\"en_US\" \/>\n<meta property=\"og:type\" content=\"article\" \/>\n<meta property=\"og:title\" content=\"Tristeza n\u00e3o \u00e9 Depress\u00e3o - Rolando Andrade\" \/>\n<meta property=\"og:description\" content=\"A Depress\u00e3o \u00e9 por isso sempre vivida como algo de amea\u00e7ador. \u00c9 neste contexto que a psicoterapia se revela fundamental como estrat\u00e9gia terap\u00eautica;\" \/>\n<meta property=\"og:url\" content=\"https:\/\/rolandoandrade.com\/2018\/03\/23\/tristeza-nao-e-depressao\/\" \/>\n<meta property=\"og:site_name\" content=\"Rolando Andrade\" \/>\n<meta property=\"article:publisher\" content=\"https:\/\/www.facebook.com\/psirolandoandrade\/\" \/>\n<meta property=\"article:published_time\" content=\"2018-03-23T15:55:26+00:00\" \/>\n<meta property=\"article:modified_time\" content=\"2019-09-14T15:03:51+00:00\" \/>\n<meta property=\"og:image\" content=\"https:\/\/rolandoandrade.com\/wp-content\/uploads\/2018\/03\/tristeza-n\u00e3o-\u00e9-depress\u00e3o.jpg\" \/>\n\t<meta property=\"og:image:width\" content=\"1920\" \/>\n\t<meta property=\"og:image:height\" content=\"1281\" \/>\n\t<meta property=\"og:image:type\" content=\"image\/jpeg\" \/>\n<meta name=\"author\" content=\"Rolando Andrade\" \/>\n<meta name=\"twitter:card\" content=\"summary_large_image\" \/>\n<meta name=\"twitter:label1\" content=\"Written by\" \/>\n\t<meta name=\"twitter:data1\" content=\"Rolando Andrade\" \/>\n\t<meta name=\"twitter:label2\" content=\"Est. reading time\" \/>\n\t<meta name=\"twitter:data2\" content=\"4 minutes\" \/>\n<script type=\"application\/ld+json\" class=\"yoast-schema-graph\">{\"@context\":\"https:\/\/schema.org\",\"@graph\":[{\"@type\":\"Article\",\"@id\":\"https:\/\/rolandoandrade.com\/2018\/03\/23\/tristeza-nao-e-depressao\/#article\",\"isPartOf\":{\"@id\":\"https:\/\/rolandoandrade.com\/2018\/03\/23\/tristeza-nao-e-depressao\/\"},\"author\":{\"name\":\"Rolando Andrade\",\"@id\":\"https:\/\/rolandoandrade.com\/#\/schema\/person\/f91b3a1f85add42b358d5e9df3aa433a\"},\"headline\":\"Tristeza n\u00e3o \u00e9 Depress\u00e3o\",\"datePublished\":\"2018-03-23T15:55:26+00:00\",\"dateModified\":\"2019-09-14T15:03:51+00:00\",\"mainEntityOfPage\":{\"@id\":\"https:\/\/rolandoandrade.com\/2018\/03\/23\/tristeza-nao-e-depressao\/\"},\"wordCount\":717,\"image\":{\"@id\":\"https:\/\/rolandoandrade.com\/2018\/03\/23\/tristeza-nao-e-depressao\/#primaryimage\"},\"thumbnailUrl\":\"https:\/\/rolandoandrade.com\/wp-content\/uploads\/2018\/03\/tristeza-n\u00e3o-\u00e9-depress\u00e3o.jpg\",\"keywords\":[\"depress\u00e3o\",\"Psicologia Cl\u00ednica\",\"psicoterapia\",\"sa\u00fade mental\",\"sofrimento\"],\"articleSection\":[\"Psicologia Cl\u00ednica\"],\"inLanguage\":\"en-US\"},{\"@type\":\"WebPage\",\"@id\":\"https:\/\/rolandoandrade.com\/2018\/03\/23\/tristeza-nao-e-depressao\/\",\"url\":\"https:\/\/rolandoandrade.com\/2018\/03\/23\/tristeza-nao-e-depressao\/\",\"name\":\"Tristeza n\u00e3o \u00e9 Depress\u00e3o - Rolando Andrade\",\"isPartOf\":{\"@id\":\"https:\/\/rolandoandrade.com\/#website\"},\"primaryImageOfPage\":{\"@id\":\"https:\/\/rolandoandrade.com\/2018\/03\/23\/tristeza-nao-e-depressao\/#primaryimage\"},\"image\":{\"@id\":\"https:\/\/rolandoandrade.com\/2018\/03\/23\/tristeza-nao-e-depressao\/#primaryimage\"},\"thumbnailUrl\":\"https:\/\/rolandoandrade.com\/wp-content\/uploads\/2018\/03\/tristeza-n\u00e3o-\u00e9-depress\u00e3o.jpg\",\"datePublished\":\"2018-03-23T15:55:26+00:00\",\"dateModified\":\"2019-09-14T15:03:51+00:00\",\"author\":{\"@id\":\"https:\/\/rolandoandrade.com\/#\/schema\/person\/f91b3a1f85add42b358d5e9df3aa433a\"},\"breadcrumb\":{\"@id\":\"https:\/\/rolandoandrade.com\/2018\/03\/23\/tristeza-nao-e-depressao\/#breadcrumb\"},\"inLanguage\":\"en-US\",\"potentialAction\":[{\"@type\":\"ReadAction\",\"target\":[\"https:\/\/rolandoandrade.com\/2018\/03\/23\/tristeza-nao-e-depressao\/\"]}]},{\"@type\":\"ImageObject\",\"inLanguage\":\"en-US\",\"@id\":\"https:\/\/rolandoandrade.com\/2018\/03\/23\/tristeza-nao-e-depressao\/#primaryimage\",\"url\":\"https:\/\/rolandoandrade.com\/wp-content\/uploads\/2018\/03\/tristeza-n\u00e3o-\u00e9-depress\u00e3o.jpg\",\"contentUrl\":\"https:\/\/rolandoandrade.com\/wp-content\/uploads\/2018\/03\/tristeza-n\u00e3o-\u00e9-depress\u00e3o.jpg\",\"width\":1920,\"height\":1281},{\"@type\":\"BreadcrumbList\",\"@id\":\"https:\/\/rolandoandrade.com\/2018\/03\/23\/tristeza-nao-e-depressao\/#breadcrumb\",\"itemListElement\":[{\"@type\":\"ListItem\",\"position\":1,\"name\":\"In\u00edcio\",\"item\":\"https:\/\/rolandoandrade.com\/\"},{\"@type\":\"ListItem\",\"position\":2,\"name\":\"Tristeza n\u00e3o \u00e9 Depress\u00e3o\"}]},{\"@type\":\"WebSite\",\"@id\":\"https:\/\/rolandoandrade.com\/#website\",\"url\":\"https:\/\/rolandoandrade.com\/\",\"name\":\"Rolando Andrade\",\"description\":\"Dr. Rolando Andrade - Psic\u00f3logo\",\"potentialAction\":[{\"@type\":\"SearchAction\",\"target\":{\"@type\":\"EntryPoint\",\"urlTemplate\":\"https:\/\/rolandoandrade.com\/?s={search_term_string}\"},\"query-input\":{\"@type\":\"PropertyValueSpecification\",\"valueRequired\":true,\"valueName\":\"search_term_string\"}}],\"inLanguage\":\"en-US\"},{\"@type\":\"Person\",\"@id\":\"https:\/\/rolandoandrade.com\/#\/schema\/person\/f91b3a1f85add42b358d5e9df3aa433a\",\"name\":\"Rolando Andrade\",\"image\":{\"@type\":\"ImageObject\",\"inLanguage\":\"en-US\",\"@id\":\"https:\/\/rolandoandrade.com\/#\/schema\/person\/image\/\",\"url\":\"https:\/\/secure.gravatar.com\/avatar\/c3cd5d8f2037e41595b113f6d1c956bfbfc499a3dcb810a8fef56a29a75367ce?s=96&d=mm&r=g\",\"contentUrl\":\"https:\/\/secure.gravatar.com\/avatar\/c3cd5d8f2037e41595b113f6d1c956bfbfc499a3dcb810a8fef56a29a75367ce?s=96&d=mm&r=g\",\"caption\":\"Rolando Andrade\"},\"url\":\"https:\/\/rolandoandrade.com\/en\/author\/rolando_andrade\/\"}]}<\/script>\n<!-- \/ Yoast SEO plugin. -->","yoast_head_json":{"title":"Tristeza n\u00e3o \u00e9 Depress\u00e3o - Rolando Andrade","robots":{"index":"index","follow":"follow","max-snippet":"max-snippet:-1","max-image-preview":"max-image-preview:large","max-video-preview":"max-video-preview:-1"},"canonical":"https:\/\/rolandoandrade.com\/2018\/03\/23\/tristeza-nao-e-depressao\/","og_locale":"en_US","og_type":"article","og_title":"Tristeza n\u00e3o \u00e9 Depress\u00e3o - Rolando Andrade","og_description":"A Depress\u00e3o \u00e9 por isso sempre vivida como algo de amea\u00e7ador. \u00c9 neste contexto que a psicoterapia se revela fundamental como estrat\u00e9gia terap\u00eautica;","og_url":"https:\/\/rolandoandrade.com\/2018\/03\/23\/tristeza-nao-e-depressao\/","og_site_name":"Rolando Andrade","article_publisher":"https:\/\/www.facebook.com\/psirolandoandrade\/","article_published_time":"2018-03-23T15:55:26+00:00","article_modified_time":"2019-09-14T15:03:51+00:00","og_image":[{"width":1920,"height":1281,"url":"https:\/\/rolandoandrade.com\/wp-content\/uploads\/2018\/03\/tristeza-n\u00e3o-\u00e9-depress\u00e3o.jpg","type":"image\/jpeg"}],"author":"Rolando Andrade","twitter_card":"summary_large_image","twitter_misc":{"Written by":"Rolando Andrade","Est. reading time":"4 minutes"},"schema":{"@context":"https:\/\/schema.org","@graph":[{"@type":"Article","@id":"https:\/\/rolandoandrade.com\/2018\/03\/23\/tristeza-nao-e-depressao\/#article","isPartOf":{"@id":"https:\/\/rolandoandrade.com\/2018\/03\/23\/tristeza-nao-e-depressao\/"},"author":{"name":"Rolando Andrade","@id":"https:\/\/rolandoandrade.com\/#\/schema\/person\/f91b3a1f85add42b358d5e9df3aa433a"},"headline":"Tristeza n\u00e3o \u00e9 Depress\u00e3o","datePublished":"2018-03-23T15:55:26+00:00","dateModified":"2019-09-14T15:03:51+00:00","mainEntityOfPage":{"@id":"https:\/\/rolandoandrade.com\/2018\/03\/23\/tristeza-nao-e-depressao\/"},"wordCount":717,"image":{"@id":"https:\/\/rolandoandrade.com\/2018\/03\/23\/tristeza-nao-e-depressao\/#primaryimage"},"thumbnailUrl":"https:\/\/rolandoandrade.com\/wp-content\/uploads\/2018\/03\/tristeza-n\u00e3o-\u00e9-depress\u00e3o.jpg","keywords":["depress\u00e3o","Psicologia Cl\u00ednica","psicoterapia","sa\u00fade mental","sofrimento"],"articleSection":["Psicologia Cl\u00ednica"],"inLanguage":"en-US"},{"@type":"WebPage","@id":"https:\/\/rolandoandrade.com\/2018\/03\/23\/tristeza-nao-e-depressao\/","url":"https:\/\/rolandoandrade.com\/2018\/03\/23\/tristeza-nao-e-depressao\/","name":"Tristeza n\u00e3o \u00e9 Depress\u00e3o - Rolando Andrade","isPartOf":{"@id":"https:\/\/rolandoandrade.com\/#website"},"primaryImageOfPage":{"@id":"https:\/\/rolandoandrade.com\/2018\/03\/23\/tristeza-nao-e-depressao\/#primaryimage"},"image":{"@id":"https:\/\/rolandoandrade.com\/2018\/03\/23\/tristeza-nao-e-depressao\/#primaryimage"},"thumbnailUrl":"https:\/\/rolandoandrade.com\/wp-content\/uploads\/2018\/03\/tristeza-n\u00e3o-\u00e9-depress\u00e3o.jpg","datePublished":"2018-03-23T15:55:26+00:00","dateModified":"2019-09-14T15:03:51+00:00","author":{"@id":"https:\/\/rolandoandrade.com\/#\/schema\/person\/f91b3a1f85add42b358d5e9df3aa433a"},"breadcrumb":{"@id":"https:\/\/rolandoandrade.com\/2018\/03\/23\/tristeza-nao-e-depressao\/#breadcrumb"},"inLanguage":"en-US","potentialAction":[{"@type":"ReadAction","target":["https:\/\/rolandoandrade.com\/2018\/03\/23\/tristeza-nao-e-depressao\/"]}]},{"@type":"ImageObject","inLanguage":"en-US","@id":"https:\/\/rolandoandrade.com\/2018\/03\/23\/tristeza-nao-e-depressao\/#primaryimage","url":"https:\/\/rolandoandrade.com\/wp-content\/uploads\/2018\/03\/tristeza-n\u00e3o-\u00e9-depress\u00e3o.jpg","contentUrl":"https:\/\/rolandoandrade.com\/wp-content\/uploads\/2018\/03\/tristeza-n\u00e3o-\u00e9-depress\u00e3o.jpg","width":1920,"height":1281},{"@type":"BreadcrumbList","@id":"https:\/\/rolandoandrade.com\/2018\/03\/23\/tristeza-nao-e-depressao\/#breadcrumb","itemListElement":[{"@type":"ListItem","position":1,"name":"In\u00edcio","item":"https:\/\/rolandoandrade.com\/"},{"@type":"ListItem","position":2,"name":"Tristeza n\u00e3o \u00e9 Depress\u00e3o"}]},{"@type":"WebSite","@id":"https:\/\/rolandoandrade.com\/#website","url":"https:\/\/rolandoandrade.com\/","name":"Rolando Andrade","description":"Dr. Rolando Andrade - Psic\u00f3logo","potentialAction":[{"@type":"SearchAction","target":{"@type":"EntryPoint","urlTemplate":"https:\/\/rolandoandrade.com\/?s={search_term_string}"},"query-input":{"@type":"PropertyValueSpecification","valueRequired":true,"valueName":"search_term_string"}}],"inLanguage":"en-US"},{"@type":"Person","@id":"https:\/\/rolandoandrade.com\/#\/schema\/person\/f91b3a1f85add42b358d5e9df3aa433a","name":"Rolando Andrade","image":{"@type":"ImageObject","inLanguage":"en-US","@id":"https:\/\/rolandoandrade.com\/#\/schema\/person\/image\/","url":"https:\/\/secure.gravatar.com\/avatar\/c3cd5d8f2037e41595b113f6d1c956bfbfc499a3dcb810a8fef56a29a75367ce?s=96&d=mm&r=g","contentUrl":"https:\/\/secure.gravatar.com\/avatar\/c3cd5d8f2037e41595b113f6d1c956bfbfc499a3dcb810a8fef56a29a75367ce?s=96&d=mm&r=g","caption":"Rolando Andrade"},"url":"https:\/\/rolandoandrade.com\/en\/author\/rolando_andrade\/"}]}},"_links":{"self":[{"href":"https:\/\/rolandoandrade.com\/en\/wp-json\/wp\/v2\/posts\/4053","targetHints":{"allow":["GET"]}}],"collection":[{"href":"https:\/\/rolandoandrade.com\/en\/wp-json\/wp\/v2\/posts"}],"about":[{"href":"https:\/\/rolandoandrade.com\/en\/wp-json\/wp\/v2\/types\/post"}],"author":[{"embeddable":true,"href":"https:\/\/rolandoandrade.com\/en\/wp-json\/wp\/v2\/users\/2"}],"replies":[{"embeddable":true,"href":"https:\/\/rolandoandrade.com\/en\/wp-json\/wp\/v2\/comments?post=4053"}],"version-history":[{"count":0,"href":"https:\/\/rolandoandrade.com\/en\/wp-json\/wp\/v2\/posts\/4053\/revisions"}],"wp:featuredmedia":[{"embeddable":true,"href":"https:\/\/rolandoandrade.com\/en\/wp-json\/wp\/v2\/media\/4055"}],"wp:attachment":[{"href":"https:\/\/rolandoandrade.com\/en\/wp-json\/wp\/v2\/media?parent=4053"}],"wp:term":[{"taxonomy":"category","embeddable":true,"href":"https:\/\/rolandoandrade.com\/en\/wp-json\/wp\/v2\/categories?post=4053"},{"taxonomy":"post_tag","embeddable":true,"href":"https:\/\/rolandoandrade.com\/en\/wp-json\/wp\/v2\/tags?post=4053"}],"curies":[{"name":"wp","href":"https:\/\/api.w.org\/{rel}","templated":true}]}}