{"id":4184,"date":"2020-01-27T15:18:27","date_gmt":"2020-01-27T15:18:27","guid":{"rendered":"http:\/\/rolandoandrade.com\/?p=4184"},"modified":"2026-01-28T19:00:42","modified_gmt":"2026-01-28T19:00:42","slug":"tu-vieste-por-acaso","status":"publish","type":"post","link":"https:\/\/rolandoandrade.com\/en\/2020\/01\/27\/tu-vieste-por-acaso\/","title":{"rendered":"Tu vieste por acaso&#8230;"},"content":{"rendered":"<p class=\"western\" align=\"justify\"><span style=\"font-family: 'Times New Roman', serif;\"><span style=\"font-size: medium;\">Abandono emocional\u2026 n\u00e3o se sentir desejado\u2026aquela sensa\u00e7\u00e3o sempre presente de desconsolo, como se fosse um vazio, uma aus\u00eancia, algo eternamente em falta\u2026 uma procura intensa de amor (ou de algu\u00e9m que supostamente ame), tentar sentir-se vivo e presente no olhar dos outros\u2026<\/span><\/span><\/p>\n<p class=\"western\" align=\"justify\"><span style=\"font-family: 'Times New Roman', serif;\"><span style=\"font-size: medium;\">H\u00e1 palavras cortantes, que ferem, ficam gravadas para sempre\u2026 passando assim a fazer parte do nosso registo emocional; muitas vezes n\u00e3o pela forma como foram ditas, mas pela forma como foram escutadas (se calhar no par\u00e1grafo anterior sentiu isso&#8230;).<\/span><\/span><\/p>\n<p class=\"western\" align=\"justify\"><strong><span style=\"font-family: 'Times New Roman', serif;\"><span style=\"font-size: medium;\">Quando os pais insistem em dizer aos filhos &#8220;<\/span><\/span><span style=\"font-family: 'Times New Roman', serif;\"><span style=\"font-size: medium;\"><i>tu vieste por acaso\u2026<\/i><\/span><\/span><span style=\"font-family: 'Times New Roman', serif;\"><span style=\"font-size: medium;\">&#8220;, algo que parece supostamente in\u00f3cuo, pode na verdade ter um impacto doloroso e profundamente marcante na vida e na forma de sentir das crian\u00e7as\u2026 como um eco que se repete infinitamente, um disco riscado\u2026, &#8220;<\/span><\/span><span style=\"font-family: 'Times New Roman', serif;\"><span style=\"font-size: medium;\"><i>tu vieste por acaso\u2026<\/i><\/span><\/span><\/strong><span style=\"font-family: 'Times New Roman', serif;\"><span style=\"font-size: medium;\"><strong>&#8220;<\/strong>, como se n\u00e3o fosses resultado de um desejo (existem crian\u00e7as que assumem que n\u00e3o foram desejadas), como se n\u00e3o fosses gerado no afecto\u2026 como se fosses um acidente.<\/span><\/span><\/p>\n<p class=\"western\" align=\"justify\"><strong><span style=\"font-family: 'Times New Roman', serif;\"><span style=\"font-size: medium;\">Sentir-se (ser) desejado \u00e9 fundamental na constru\u00e7\u00e3o da identidade (eu fui desejado\u2026 logo eu mere\u00e7o estar aqui), quase como uma inje\u00e7\u00e3o de amor-pr\u00f3prio (ser resultado do amor de algu\u00e9m, ser \u00fanico)\u2026 algu\u00e9m sonhou comigo\u2026 algu\u00e9m me planeou\u2026 sou especial!<\/span><\/span><\/strong><\/p>\n<p class=\"western\" align=\"justify\"><span style=\"font-family: 'Times New Roman', serif;\"><span style=\"font-size: medium;\">&#8220;<\/span><\/span><span style=\"font-family: 'Times New Roman', serif;\"><span style=\"font-size: medium;\"><i>tu vieste por acaso\u2026<\/i><\/span><\/span><span style=\"font-family: 'Times New Roman', serif;\"><span style=\"font-size: medium;\">&#8220;, foi por acaso que fui m\u00e3e\/pai (ser\u00e1 que estava preparado)?, foi por acaso que nasceste\u2026 foi por acaso que cuidei de ti\u2026 h\u00e1 crian\u00e7as que pensam: se foi por acaso\u2026 ser\u00e1 que fui um peso? Ser\u00e1 que estive a mais? Ser\u00e1 que tenho um lugar pr\u00f3prio e v\u00e1lido no cora\u00e7\u00e3o dos outros?<\/span><\/span><\/p>\n<p class=\"western\" align=\"justify\"><strong><span style=\"font-family: 'Times New Roman', serif;\"><span style=\"font-size: medium;\">\u00c9 nestes casos que se pode revelar o problema. Para estas crian\u00e7as nascer por acaso implica sentir-se um fardo, uma n\u00e3o possibilidade, como se sentissem que algu\u00e9m cuidou deles s\u00f3 por um acaso\u2026 por obriga\u00e7\u00e3o!&#8230; <\/span><\/span><\/strong><\/p>\n<p class=\"western\" align=\"justify\"><span style=\"font-family: 'Times New Roman', serif;\"><span style=\"font-size: medium;\">Para estes o afecto dos outros ser\u00e1 por vezes entendido de forma deturpada, como um acaso, algo de n\u00e3o leg\u00edtimo, algo fabricado, que n\u00e3o merecem, que n\u00e3o \u00e9 verdadeiro, que \u00e9 uma obriga\u00e7\u00e3o! Nestas situa\u00e7\u00f5es o amor-pr\u00f3prio est\u00e1 ferido, e o vazio interior f\u00e1-los crescer sem se desejar,\u00a0 e quase todos os v\u00ednculos emocionais ser\u00e3o intoxicados pelo medo. <strong>Erguem-se barreiras que impedem os outros de se aproximar (estou sozinho\u2026 \u00e9 a prova que ningu\u00e9m me deseja\u2026 ser\u00e1 que deixo os outros aproximarem-se?)\u2026 <\/strong><\/span><\/span><\/p>\n<p class=\"western\" align=\"justify\"><span style=\"font-family: 'Times New Roman', serif;\"><span style=\"font-size: medium;\">Crescem assim carentes, tornando-se adultos carentes, <strong>buscando incessantemente o afecto dos outros (confundido muitas vezes com depend\u00eancia).<\/strong><\/span><\/span><\/p>\n<p class=\"western\" align=\"justify\"><span style=\"font-family: 'Times New Roman', serif;\"><span style=\"font-size: medium;\"><strong>Decorrente desta forma de pensar, sentir e viver, existem pessoas que mesmo quando encontram o afecto verdadeiro, s\u00e3o incapazes de o reconhecer e aceitar na plenitude, porque t\u00eam para sempre gravado na sua forma de pensar e de se comportar, aquelas palavras\u2026 &#8220;tu vieste por acaso!&#8221;<\/strong>. E porque sentem que tudo na vida delas acontece desta forma (por acaso), n\u00e3o s\u00e3o capazes de se valorizar, de se desejar, de se <strong>encararem como algu\u00e9m \u00fanico e especial, capaz de aceitar que afinal por vezes n\u00e3o existe nada mais maravilhoso e valioso que um simples acaso!<\/strong><\/span><\/span><\/p>\n<p>&nbsp;<\/p>\n<p>Rolando Andrade<\/p>\n<p>Psic\u00f3logo Cl\u00ednico<\/p>\n<p>Psicoterapeuta<\/p>\n<p>Psic\u00f3logo do Desporto<\/p>\n<p>C\u00e9dula profissional O.P.P 4365<\/p>\n","protected":false},"excerpt":{"rendered":"<p>[:pt]Decorrente desta forma de pensar, sentir e viver, existem pessoas que mesmo quando encontram o afecto verdadeiro, s\u00e3o incapazes de o reconhecer e aceitar na plenitude, porque t\u00eam para sempre gravado na sua forma de pensar e de se comportar, aquelas palavras\u2026 &#8220;tu vieste por acaso!&#8221;[:en]Decorrente desta forma de pensar, sentir e viver, existem pessoas que mesmo quando encontram o afecto verdadeiro, s\u00e3o incapazes de o reconhecer e aceitar na plenitude, porque t\u00eam para sempre gravado na sua forma de pensar e de se comportar, aquelas palavras\u2026 &#8220;tu vieste por acaso!&#8221;Decorrente desta forma de pensar, sentir e viver, existem pessoas que mesmo quando encontram o afecto verdadeiro, s\u00e3o incapazes de o reconhecer e aceitar na plenitude, porque t\u00eam para sempre gravado na sua forma de pensar e de se comportar, aquelas palavras\u2026 &#8220;tu vieste por acaso!&#8221;[:]<\/p>\n","protected":false},"author":2,"featured_media":4185,"comment_status":"open","ping_status":"open","sticky":false,"template":"","format":"standard","meta":{"footnotes":"","_links_to":"","_links_to_target":""},"categories":[3],"tags":[189,168,171,190,181,158,155,167,164,187,165,188],"class_list":["post-4184","post","type-post","status-publish","format-standard","has-post-thumbnail","hentry","category-psicologia-clinica","tag-abandono","tag-desespero","tag-esperanca","tag-magoa","tag-medo","tag-mental","tag-psicologia-clinica","tag-psicoterapia","tag-saude-mental","tag-sentir","tag-sofrimento","tag-vazio-emocional"],"yoast_head":"<!-- This site is optimized with the Yoast SEO plugin v26.9 - https:\/\/yoast.com\/product\/yoast-seo-wordpress\/ -->\n<title>Tu vieste por acaso... - Rolando Andrade<\/title>\n<meta name=\"description\" content=\"Decorrente desta forma de pensar, sentir e viver, existem pessoas que mesmo quando encontram o afecto verdadeiro, s\u00e3o incapazes de o reconhecer e aceitar na plenitude, porque t\u00eam para sempre gravado na sua forma de pensar e de se comportar, aquelas palavras\u2026 &quot;tu vieste por acaso!&quot;\" \/>\n<meta name=\"robots\" content=\"index, follow, max-snippet:-1, max-image-preview:large, max-video-preview:-1\" \/>\n<link rel=\"canonical\" href=\"https:\/\/rolandoandrade.com\/2020\/01\/27\/tu-vieste-por-acaso\/\" \/>\n<meta property=\"og:locale\" content=\"en_US\" \/>\n<meta property=\"og:type\" content=\"article\" \/>\n<meta property=\"og:title\" content=\"Tu vieste por acaso... - Rolando Andrade\" \/>\n<meta property=\"og:description\" content=\"Decorrente desta forma de pensar, sentir e viver, existem pessoas que mesmo quando encontram o afecto verdadeiro, s\u00e3o incapazes de o reconhecer e aceitar na plenitude, porque t\u00eam para sempre gravado na sua forma de pensar e de se comportar, aquelas palavras\u2026 &quot;tu vieste por acaso!&quot;\" \/>\n<meta property=\"og:url\" content=\"https:\/\/rolandoandrade.com\/2020\/01\/27\/tu-vieste-por-acaso\/\" \/>\n<meta property=\"og:site_name\" content=\"Rolando Andrade\" \/>\n<meta property=\"article:publisher\" content=\"https:\/\/www.facebook.com\/psirolandoandrade\/\" \/>\n<meta property=\"article:published_time\" content=\"2020-01-27T15:18:27+00:00\" \/>\n<meta property=\"article:modified_time\" content=\"2026-01-28T19:00:42+00:00\" \/>\n<meta property=\"og:image\" content=\"https:\/\/rolandoandrade.com\/wp-content\/uploads\/2020\/01\/road.jpeg\" \/>\n\t<meta property=\"og:image:width\" content=\"500\" \/>\n\t<meta property=\"og:image:height\" content=\"625\" \/>\n\t<meta property=\"og:image:type\" content=\"image\/jpeg\" \/>\n<meta name=\"author\" content=\"Rolando Andrade\" \/>\n<meta name=\"twitter:card\" content=\"summary_large_image\" \/>\n<meta name=\"twitter:label1\" content=\"Written by\" \/>\n\t<meta name=\"twitter:data1\" content=\"Rolando Andrade\" \/>\n\t<meta name=\"twitter:label2\" content=\"Est. reading time\" \/>\n\t<meta name=\"twitter:data2\" content=\"6 minutes\" \/>\n<script type=\"application\/ld+json\" class=\"yoast-schema-graph\">{\"@context\":\"https:\/\/schema.org\",\"@graph\":[{\"@type\":\"Article\",\"@id\":\"https:\/\/rolandoandrade.com\/2020\/01\/27\/tu-vieste-por-acaso\/#article\",\"isPartOf\":{\"@id\":\"https:\/\/rolandoandrade.com\/2020\/01\/27\/tu-vieste-por-acaso\/\"},\"author\":{\"name\":\"Rolando Andrade\",\"@id\":\"https:\/\/rolandoandrade.com\/#\/schema\/person\/f91b3a1f85add42b358d5e9df3aa433a\"},\"headline\":\"Tu vieste por acaso&#8230;\",\"datePublished\":\"2020-01-27T15:18:27+00:00\",\"dateModified\":\"2026-01-28T19:00:42+00:00\",\"mainEntityOfPage\":{\"@id\":\"https:\/\/rolandoandrade.com\/2020\/01\/27\/tu-vieste-por-acaso\/\"},\"wordCount\":547,\"commentCount\":0,\"image\":{\"@id\":\"https:\/\/rolandoandrade.com\/2020\/01\/27\/tu-vieste-por-acaso\/#primaryimage\"},\"thumbnailUrl\":\"https:\/\/rolandoandrade.com\/wp-content\/uploads\/2020\/01\/road.jpeg\",\"keywords\":[\"abandono\",\"desespero\",\"esperan\u00e7a\",\"m\u00e1goa\",\"Medo\",\"Mental\",\"Psicologia Cl\u00ednica\",\"psicoterapia\",\"sa\u00fade mental\",\"sentir\",\"sofrimento\",\"vazio emocional\"],\"articleSection\":[\"Psicologia Cl\u00ednica\"],\"inLanguage\":\"en-US\",\"potentialAction\":[{\"@type\":\"CommentAction\",\"name\":\"Comment\",\"target\":[\"https:\/\/rolandoandrade.com\/2020\/01\/27\/tu-vieste-por-acaso\/#respond\"]}]},{\"@type\":\"WebPage\",\"@id\":\"https:\/\/rolandoandrade.com\/2020\/01\/27\/tu-vieste-por-acaso\/\",\"url\":\"https:\/\/rolandoandrade.com\/2020\/01\/27\/tu-vieste-por-acaso\/\",\"name\":\"Tu vieste por acaso... - Rolando Andrade\",\"isPartOf\":{\"@id\":\"https:\/\/rolandoandrade.com\/#website\"},\"primaryImageOfPage\":{\"@id\":\"https:\/\/rolandoandrade.com\/2020\/01\/27\/tu-vieste-por-acaso\/#primaryimage\"},\"image\":{\"@id\":\"https:\/\/rolandoandrade.com\/2020\/01\/27\/tu-vieste-por-acaso\/#primaryimage\"},\"thumbnailUrl\":\"https:\/\/rolandoandrade.com\/wp-content\/uploads\/2020\/01\/road.jpeg\",\"datePublished\":\"2020-01-27T15:18:27+00:00\",\"dateModified\":\"2026-01-28T19:00:42+00:00\",\"author\":{\"@id\":\"https:\/\/rolandoandrade.com\/#\/schema\/person\/f91b3a1f85add42b358d5e9df3aa433a\"},\"description\":\"Decorrente desta forma de pensar, sentir e viver, existem pessoas que mesmo quando encontram o afecto verdadeiro, s\u00e3o incapazes de o reconhecer e aceitar na plenitude, porque t\u00eam para sempre gravado na sua forma de pensar e de se comportar, aquelas palavras\u2026 \\\"tu vieste por acaso!\\\"\",\"breadcrumb\":{\"@id\":\"https:\/\/rolandoandrade.com\/2020\/01\/27\/tu-vieste-por-acaso\/#breadcrumb\"},\"inLanguage\":\"en-US\",\"potentialAction\":[{\"@type\":\"ReadAction\",\"target\":[\"https:\/\/rolandoandrade.com\/2020\/01\/27\/tu-vieste-por-acaso\/\"]}]},{\"@type\":\"ImageObject\",\"inLanguage\":\"en-US\",\"@id\":\"https:\/\/rolandoandrade.com\/2020\/01\/27\/tu-vieste-por-acaso\/#primaryimage\",\"url\":\"https:\/\/rolandoandrade.com\/wp-content\/uploads\/2020\/01\/road.jpeg\",\"contentUrl\":\"https:\/\/rolandoandrade.com\/wp-content\/uploads\/2020\/01\/road.jpeg\",\"width\":500,\"height\":625},{\"@type\":\"BreadcrumbList\",\"@id\":\"https:\/\/rolandoandrade.com\/2020\/01\/27\/tu-vieste-por-acaso\/#breadcrumb\",\"itemListElement\":[{\"@type\":\"ListItem\",\"position\":1,\"name\":\"In\u00edcio\",\"item\":\"https:\/\/rolandoandrade.com\/\"},{\"@type\":\"ListItem\",\"position\":2,\"name\":\"Tu vieste por acaso&#8230;\"}]},{\"@type\":\"WebSite\",\"@id\":\"https:\/\/rolandoandrade.com\/#website\",\"url\":\"https:\/\/rolandoandrade.com\/\",\"name\":\"Rolando Andrade\",\"description\":\"Dr. Rolando Andrade - Psic\u00f3logo\",\"potentialAction\":[{\"@type\":\"SearchAction\",\"target\":{\"@type\":\"EntryPoint\",\"urlTemplate\":\"https:\/\/rolandoandrade.com\/?s={search_term_string}\"},\"query-input\":{\"@type\":\"PropertyValueSpecification\",\"valueRequired\":true,\"valueName\":\"search_term_string\"}}],\"inLanguage\":\"en-US\"},{\"@type\":\"Person\",\"@id\":\"https:\/\/rolandoandrade.com\/#\/schema\/person\/f91b3a1f85add42b358d5e9df3aa433a\",\"name\":\"Rolando Andrade\",\"image\":{\"@type\":\"ImageObject\",\"inLanguage\":\"en-US\",\"@id\":\"https:\/\/rolandoandrade.com\/#\/schema\/person\/image\/\",\"url\":\"https:\/\/secure.gravatar.com\/avatar\/c3cd5d8f2037e41595b113f6d1c956bfbfc499a3dcb810a8fef56a29a75367ce?s=96&d=mm&r=g\",\"contentUrl\":\"https:\/\/secure.gravatar.com\/avatar\/c3cd5d8f2037e41595b113f6d1c956bfbfc499a3dcb810a8fef56a29a75367ce?s=96&d=mm&r=g\",\"caption\":\"Rolando Andrade\"},\"url\":\"https:\/\/rolandoandrade.com\/en\/author\/rolando_andrade\/\"}]}<\/script>\n<!-- \/ Yoast SEO plugin. -->","yoast_head_json":{"title":"Tu vieste por acaso... - Rolando Andrade","description":"Decorrente desta forma de pensar, sentir e viver, existem pessoas que mesmo quando encontram o afecto verdadeiro, s\u00e3o incapazes de o reconhecer e aceitar na plenitude, porque t\u00eam para sempre gravado na sua forma de pensar e de se comportar, aquelas palavras\u2026 \"tu vieste por acaso!\"","robots":{"index":"index","follow":"follow","max-snippet":"max-snippet:-1","max-image-preview":"max-image-preview:large","max-video-preview":"max-video-preview:-1"},"canonical":"https:\/\/rolandoandrade.com\/2020\/01\/27\/tu-vieste-por-acaso\/","og_locale":"en_US","og_type":"article","og_title":"Tu vieste por acaso... - Rolando Andrade","og_description":"Decorrente desta forma de pensar, sentir e viver, existem pessoas que mesmo quando encontram o afecto verdadeiro, s\u00e3o incapazes de o reconhecer e aceitar na plenitude, porque t\u00eam para sempre gravado na sua forma de pensar e de se comportar, aquelas palavras\u2026 \"tu vieste por acaso!\"","og_url":"https:\/\/rolandoandrade.com\/2020\/01\/27\/tu-vieste-por-acaso\/","og_site_name":"Rolando Andrade","article_publisher":"https:\/\/www.facebook.com\/psirolandoandrade\/","article_published_time":"2020-01-27T15:18:27+00:00","article_modified_time":"2026-01-28T19:00:42+00:00","og_image":[{"width":500,"height":625,"url":"https:\/\/rolandoandrade.com\/wp-content\/uploads\/2020\/01\/road.jpeg","type":"image\/jpeg"}],"author":"Rolando Andrade","twitter_card":"summary_large_image","twitter_misc":{"Written by":"Rolando Andrade","Est. reading time":"6 minutes"},"schema":{"@context":"https:\/\/schema.org","@graph":[{"@type":"Article","@id":"https:\/\/rolandoandrade.com\/2020\/01\/27\/tu-vieste-por-acaso\/#article","isPartOf":{"@id":"https:\/\/rolandoandrade.com\/2020\/01\/27\/tu-vieste-por-acaso\/"},"author":{"name":"Rolando Andrade","@id":"https:\/\/rolandoandrade.com\/#\/schema\/person\/f91b3a1f85add42b358d5e9df3aa433a"},"headline":"Tu vieste por acaso&#8230;","datePublished":"2020-01-27T15:18:27+00:00","dateModified":"2026-01-28T19:00:42+00:00","mainEntityOfPage":{"@id":"https:\/\/rolandoandrade.com\/2020\/01\/27\/tu-vieste-por-acaso\/"},"wordCount":547,"commentCount":0,"image":{"@id":"https:\/\/rolandoandrade.com\/2020\/01\/27\/tu-vieste-por-acaso\/#primaryimage"},"thumbnailUrl":"https:\/\/rolandoandrade.com\/wp-content\/uploads\/2020\/01\/road.jpeg","keywords":["abandono","desespero","esperan\u00e7a","m\u00e1goa","Medo","Mental","Psicologia Cl\u00ednica","psicoterapia","sa\u00fade mental","sentir","sofrimento","vazio emocional"],"articleSection":["Psicologia Cl\u00ednica"],"inLanguage":"en-US","potentialAction":[{"@type":"CommentAction","name":"Comment","target":["https:\/\/rolandoandrade.com\/2020\/01\/27\/tu-vieste-por-acaso\/#respond"]}]},{"@type":"WebPage","@id":"https:\/\/rolandoandrade.com\/2020\/01\/27\/tu-vieste-por-acaso\/","url":"https:\/\/rolandoandrade.com\/2020\/01\/27\/tu-vieste-por-acaso\/","name":"Tu vieste por acaso... - Rolando Andrade","isPartOf":{"@id":"https:\/\/rolandoandrade.com\/#website"},"primaryImageOfPage":{"@id":"https:\/\/rolandoandrade.com\/2020\/01\/27\/tu-vieste-por-acaso\/#primaryimage"},"image":{"@id":"https:\/\/rolandoandrade.com\/2020\/01\/27\/tu-vieste-por-acaso\/#primaryimage"},"thumbnailUrl":"https:\/\/rolandoandrade.com\/wp-content\/uploads\/2020\/01\/road.jpeg","datePublished":"2020-01-27T15:18:27+00:00","dateModified":"2026-01-28T19:00:42+00:00","author":{"@id":"https:\/\/rolandoandrade.com\/#\/schema\/person\/f91b3a1f85add42b358d5e9df3aa433a"},"description":"Decorrente desta forma de pensar, sentir e viver, existem pessoas que mesmo quando encontram o afecto verdadeiro, s\u00e3o incapazes de o reconhecer e aceitar na plenitude, porque t\u00eam para sempre gravado na sua forma de pensar e de se comportar, aquelas palavras\u2026 \"tu vieste por acaso!\"","breadcrumb":{"@id":"https:\/\/rolandoandrade.com\/2020\/01\/27\/tu-vieste-por-acaso\/#breadcrumb"},"inLanguage":"en-US","potentialAction":[{"@type":"ReadAction","target":["https:\/\/rolandoandrade.com\/2020\/01\/27\/tu-vieste-por-acaso\/"]}]},{"@type":"ImageObject","inLanguage":"en-US","@id":"https:\/\/rolandoandrade.com\/2020\/01\/27\/tu-vieste-por-acaso\/#primaryimage","url":"https:\/\/rolandoandrade.com\/wp-content\/uploads\/2020\/01\/road.jpeg","contentUrl":"https:\/\/rolandoandrade.com\/wp-content\/uploads\/2020\/01\/road.jpeg","width":500,"height":625},{"@type":"BreadcrumbList","@id":"https:\/\/rolandoandrade.com\/2020\/01\/27\/tu-vieste-por-acaso\/#breadcrumb","itemListElement":[{"@type":"ListItem","position":1,"name":"In\u00edcio","item":"https:\/\/rolandoandrade.com\/"},{"@type":"ListItem","position":2,"name":"Tu vieste por acaso&#8230;"}]},{"@type":"WebSite","@id":"https:\/\/rolandoandrade.com\/#website","url":"https:\/\/rolandoandrade.com\/","name":"Rolando Andrade","description":"Dr. Rolando Andrade - Psic\u00f3logo","potentialAction":[{"@type":"SearchAction","target":{"@type":"EntryPoint","urlTemplate":"https:\/\/rolandoandrade.com\/?s={search_term_string}"},"query-input":{"@type":"PropertyValueSpecification","valueRequired":true,"valueName":"search_term_string"}}],"inLanguage":"en-US"},{"@type":"Person","@id":"https:\/\/rolandoandrade.com\/#\/schema\/person\/f91b3a1f85add42b358d5e9df3aa433a","name":"Rolando Andrade","image":{"@type":"ImageObject","inLanguage":"en-US","@id":"https:\/\/rolandoandrade.com\/#\/schema\/person\/image\/","url":"https:\/\/secure.gravatar.com\/avatar\/c3cd5d8f2037e41595b113f6d1c956bfbfc499a3dcb810a8fef56a29a75367ce?s=96&d=mm&r=g","contentUrl":"https:\/\/secure.gravatar.com\/avatar\/c3cd5d8f2037e41595b113f6d1c956bfbfc499a3dcb810a8fef56a29a75367ce?s=96&d=mm&r=g","caption":"Rolando Andrade"},"url":"https:\/\/rolandoandrade.com\/en\/author\/rolando_andrade\/"}]}},"_links":{"self":[{"href":"https:\/\/rolandoandrade.com\/en\/wp-json\/wp\/v2\/posts\/4184","targetHints":{"allow":["GET"]}}],"collection":[{"href":"https:\/\/rolandoandrade.com\/en\/wp-json\/wp\/v2\/posts"}],"about":[{"href":"https:\/\/rolandoandrade.com\/en\/wp-json\/wp\/v2\/types\/post"}],"author":[{"embeddable":true,"href":"https:\/\/rolandoandrade.com\/en\/wp-json\/wp\/v2\/users\/2"}],"replies":[{"embeddable":true,"href":"https:\/\/rolandoandrade.com\/en\/wp-json\/wp\/v2\/comments?post=4184"}],"version-history":[{"count":3,"href":"https:\/\/rolandoandrade.com\/en\/wp-json\/wp\/v2\/posts\/4184\/revisions"}],"predecessor-version":[{"id":4653,"href":"https:\/\/rolandoandrade.com\/en\/wp-json\/wp\/v2\/posts\/4184\/revisions\/4653"}],"wp:featuredmedia":[{"embeddable":true,"href":"https:\/\/rolandoandrade.com\/en\/wp-json\/wp\/v2\/media\/4185"}],"wp:attachment":[{"href":"https:\/\/rolandoandrade.com\/en\/wp-json\/wp\/v2\/media?parent=4184"}],"wp:term":[{"taxonomy":"category","embeddable":true,"href":"https:\/\/rolandoandrade.com\/en\/wp-json\/wp\/v2\/categories?post=4184"},{"taxonomy":"post_tag","embeddable":true,"href":"https:\/\/rolandoandrade.com\/en\/wp-json\/wp\/v2\/tags?post=4184"}],"curies":[{"name":"wp","href":"https:\/\/api.w.org\/{rel}","templated":true}]}}